{"id":402,"date":"2020-05-15T00:18:35","date_gmt":"2020-05-14T22:18:35","guid":{"rendered":"https:\/\/jobs248.eu\/pl\/?p=402"},"modified":"2023-12-01T13:16:59","modified_gmt":"2023-12-01T12:16:59","slug":"niania-w-gorach-szukamy-opiekunki-do-dzieci-w-schronisku-gorskim","status":"publish","type":"post","link":"https:\/\/jobs248.eu\/pl\/niania-w-gorach-szukamy-opiekunki-do-dzieci-w-schronisku-gorskim\/","title":{"rendered":"Niania w g\u00f3rach &#8211; szukamy opiekunki do dzieci w schronisku g\u00f3rskim."},"content":{"rendered":"<p>Lokalizacja troch\u0119 nietypowa &#8211; prowadz\u0119 (i mieszkam) w schronisku g\u00f3rskim w okolicach Wis\u0142y. Z racji obecnej sytuacji nie mog\u0119 pos\u0142a\u0107 dzieci do \u017c\u0142obka\/przedszkola (za zbyt du\u017co os\u00f3b odpowiadamy, aby mog\u0142y tu co\u015b przynie\u015b\u0107), a z drugiej strony mamy taki nat\u0142ok pracy, \u017ce nie dajemy rady pogodzi\u0107 wszystkich obowi\u0105zk\u00f3w. Potrzebuj\u0119 osoby na ok.3-4dni w tygodniu po 5-6godz. Istnieje mo\u017cliwo\u015b\u0107 po\u0142\u0105czenia opieki z mieszkaniem w g\u00f3rach przez te kilka dni w tygodniu i korzystaniem z okolic :). Dzieci 3,5roku oraz 1,5roku. Aktywne, kreatywne, weso\u0142e. Ale jak to dzieci &#8211; z humorami te\u017c \ud83d\ude42 Du\u017co przebywamy na zewn\u0105trz, sp\u0119dzamy czas aktywnie zar\u00f3wno na sportowo jak i kreatywnie. Zapraszamy do wsp\u00f3\u0142pracy! Dzieci pod opiek\u0105: 2; Szczeg\u00f3\u0142y: &#8211; Do\u015bwiadczenie:: brak &#8211; Opieka tylko u niani Praca z zamieszkaniem: Tak Dla naszej rodziny wa\u017cne s\u0105: &#8211; Spacery, &#8211; Kreatywno\u015b\u0107, &#8211; Muzyka, &#8211; Sporty Wymiar czasu pracy: Cz\u0119\u015b\u0107 etatu<\/p>\n<p><span style=\"font-family: helvetica, arial, sans-serif; font-size: 14pt;\">Oferta: <strong>Aktualna od zaraz<\/strong><\/span><\/p>\n<p><span style=\"font-family: helvetica, arial, sans-serif; font-size: 14pt;\">Mo\u017cliwo\u015b\u0107 pracy z domu: <strong>Tak<\/strong><\/span><\/p>\n<p><span style=\"font-family: helvetica, arial, sans-serif; font-size: 14pt;\">Bezpo\u015bredni kontakt: <strong>Tak<\/strong><\/span><\/p>\n<p><span class=\"st\" style=\"font-family: helvetica, arial, sans-serif; font-size: 14pt;\">Kategoria pracy: <strong>Zdalna\/Dodatkowa<\/strong><\/span><\/p>\n<p><span class=\"st\" style=\"font-family: helvetica, arial, sans-serif; font-size: 14pt;\">Rodzaj umowy cywilnoprawnej: <strong>umowa zlecenie albo umowa o dzie\u0142o<\/strong><\/span><\/p>\n<p><span style=\"font-family: arial, helvetica, sans-serif;\"><span style=\"font-size: 18pt; color: #008000;\">Aplikuj teraz<\/span><\/p>\n<p><strong><span style=\"font-family: helvetica, arial, sans-serif; font-size: 14pt;\">Wy\u015blij zapytanie lub CV do<br \/>\nZleceniodawcy\/Pracodawcy<\/span><\/strong><\/p>\n        <script type=\"text\/javascript\">\n         function cp_contactformtoemail_pform_doValidate_1(form)\n         {\n            document.cp_contactformtoemail_pform_1.cp_ref_page.value = document.location;\n            $dexQuery = jQuery.noConflict();            {\n                var cpefb_error = 0;\n                $dexQuery(\"#cp_contactformtoemail_pform_1\").find(\".cpefb_error\").each(function(index){\n                    if ($dexQuery(this).css(\"display\")!=\"none\")\n                        cpefb_error++;\n                    });\n                if (cpefb_error) return false;\n                if (document.cp_contactformtoemail_pform_1.cp_contactformtoemail_pform_status.value != '0')\n                           return false;\n                document.getElementById(\"refpage_1\").value = document.location;\n                cfte_blink(\".pbSubmit\");\n                document.cp_contactformtoemail_pform_1.cp_contactformtoemail_pform_status.value = '2';return true;            }\n         }\n         function cfte_blink(selector){\n                 try {\n                     $dexQuery = jQuery.noConflict();\n                     $dexQuery(selector).fadeOut(700, function(){\n                         $dexQuery(this).fadeIn(700, function(){\n                             try {\n                                 if (document.cp_contactformtoemail_pform_1.cp_contactformtoemail_pform_status.value != '0')\n                                     cfte_blink(this);\n                             } catch (e) {}\n                         });\n                     });\n                 } catch (e) {}\n         }\n         function cp_contactformtoemail_cerror_1(){$dexQuery = jQuery.noConflict();$dexQuery(\"#hdcaptcha_error_1\").css('top',$dexQuery(\"#hdcaptcha_cp_contactformtoemail_post_1\").outerHeight());$dexQuery(\"#hdcaptcha_error_1\").css(\"display\",\"inline\");}\n        <\/script>\n        <div id=\"cftedialog\" style=\"display:none;\">Your message has been sent. Thank you!<\/div>\n        <form class=\"cpp_form\" name=\"cp_contactformtoemail_pform_1\" id=\"cp_contactformtoemail_pform_1\" action=\"\" method=\"post\" enctype=\"multipart\/form-data\" onsubmit=\"return cp_contactformtoemail_pform_doValidate_1(this);\"><input type=\"hidden\" name=\"cp_pform_psequence\" value=\"_1\" \/><input type=\"hidden\" name=\"cp_contactformtoemail_pform_process\" value=\"1\" \/><input type=\"hidden\" name=\"cp_contactformtoemail_id\" value=\"1\" \/><input type=\"hidden\" name=\"cp_ref_page\" value=\"\" \/><input type=\"hidden\" name=\"form_structure_1\" id=\"form_structure_1\" size=\"180\" value=\"[[{&quot;name&quot;:&quot;email&quot;,&quot;index&quot;:0,&quot;title&quot;:&quot;E-mail&quot;,&quot;ftype&quot;:&quot;femail&quot;,&quot;userhelp&quot;:&quot;&quot;,&quot;csslayout&quot;:&quot;&quot;,&quot;required&quot;:true,&quot;predefined&quot;:&quot;&quot;,&quot;size&quot;:&quot;large&quot;,&quot;shortlabel&quot;:&quot;&quot;,&quot;userhelpTooltip&quot;:&quot;&quot;,&quot;predefinedClick&quot;:false,&quot;equalTo&quot;:&quot;&quot;},{&quot;name&quot;:&quot;subject&quot;,&quot;index&quot;:1,&quot;title&quot;:&quot;Przedmiot zapytania&quot;,&quot;required&quot;:true,&quot;ftype&quot;:&quot;ftext&quot;,&quot;userhelp&quot;:&quot;&quot;,&quot;csslayout&quot;:&quot;&quot;,&quot;predefined&quot;:&quot;&quot;,&quot;size&quot;:&quot;large&quot;,&quot;shortlabel&quot;:&quot;&quot;,&quot;userhelpTooltip&quot;:&quot;&quot;,&quot;predefinedClick&quot;:false,&quot;minlength&quot;:&quot;&quot;,&quot;maxlength&quot;:&quot;&quot;,&quot;equalTo&quot;:&quot;&quot;},{&quot;name&quot;:&quot;message&quot;,&quot;index&quot;:2,&quot;size&quot;:&quot;large&quot;,&quot;required&quot;:true,&quot;title&quot;:&quot;Tre\\u015b\\u0107 zapytania&quot;,&quot;ftype&quot;:&quot;ftextarea&quot;,&quot;userhelp&quot;:&quot;&quot;,&quot;csslayout&quot;:&quot;&quot;,&quot;predefined&quot;:&quot;&quot;,&quot;shortlabel&quot;:&quot;&quot;,&quot;userhelpTooltip&quot;:&quot;&quot;,&quot;predefinedClick&quot;:false,&quot;minlength&quot;:&quot;&quot;,&quot;maxlength&quot;:&quot;&quot;}],[{&quot;title&quot;:&quot;&quot;,&quot;description&quot;:&quot;&quot;,&quot;formlayout&quot;:&quot;top_aligned&quot;}]]\" \/><input type=\"hidden\" name=\"refpage_1\" id=\"refpage_1\" value=\"\"><input type=\"hidden\" name=\"cp_contactformtoemail_pform_status\" value=\"0\" \/><input name=\"anonce\" type=\"hidden\" value=\"2cb4a680f1\"\/><input name=\"cftehp\" id=\"cftehp_1\" type=\"hidden\" value=\"1\"\/>\r\n<div id=\"fbuilder\">    \r\n    <div id=\"fbuilder_1\">\r\n        <div id=\"formheader_1\"><\/div>\r\n        <div id=\"fieldlist_1\"><\/div>\r\n    <\/div>\r\n<\/div>    \r\n<div style=\"display:none\">\r\n<input name=\"cftecontrolmessage\" type=\"text\" value=\"\"\/> \r\n<div id=\"cpcaptchalayer_1\" class=\"cpcaptchalayer\">\r\n<\/div>\r\n<\/div>\r\n<div id=\"cp_subbtn_1\" class=\"cp_subbtn\">Wy\u015blij do Zleceniodawcy\/Pracodawcy<\/div>\r\n<\/form>\r\n<script>\r\ntry{document.getElementById(\"cftehp_1\").value=\"25\";}catch(e){}\r\n<\/script>\r\n\n.<br \/>\n.<br \/>\n<span style=\"font-size: 10pt;\"><strong><span style=\"font-family: arial, helvetica, sans-serif; color: #008000;\">Reklama<\/span><\/strong><\/span><br \/>\n<a href=\"https:\/\/jobs248.eu\/pl\/bierz-zlecenia-i-zarabiaj\/\"><img loading=\"lazy\" decoding=\"async\" class=\"alignleft wp-image-475 size-full\" src=\"https:\/\/jobs248.eu\/pl\/wp-content\/uploads\/2020\/05\/pracodawca.jpg\" alt=\"Praca zdalna, w domu, dodatkowa\" width=\"970\" height=\"310\" srcset=\"https:\/\/jobs248.eu\/pl\/wp-content\/uploads\/2020\/05\/pracodawca.jpg 970w, https:\/\/jobs248.eu\/pl\/wp-content\/uploads\/2020\/05\/pracodawca-300x96.jpg 300w, https:\/\/jobs248.eu\/pl\/wp-content\/uploads\/2020\/05\/pracodawca-768x245.jpg 768w\" sizes=\"(max-width: 970px) 100vw, 970px\" \/><\/a><\/p>\n","protected":false},"excerpt":{"rendered":"<p>Lokalizacja troch\u0119 nietypowa &#8211; prowadz\u0119 (i mieszkam) w schronisku g\u00f3rskim w okolicach Wis\u0142y. Z racji obecnej sytuacji nie mog\u0119 pos\u0142a\u0107 dzieci do \u017c\u0142obka\/przedszkola (za zbyt du\u017co os\u00f3b odpowiadamy, aby mog\u0142y tu co\u015b przynie\u015b\u0107), a z drugiej strony mamy taki nat\u0142ok pracy, \u017ce nie dajemy rady pogodzi\u0107 wszystkich obowi\u0105zk\u00f3w. Potrzebuj\u0119 osoby na ok.3-4dni w tygodniu po &hellip;<\/p>\n<p class=\"read-more\"> <a class=\"\" href=\"https:\/\/jobs248.eu\/pl\/niania-w-gorach-szukamy-opiekunki-do-dzieci-w-schronisku-gorskim\/\"> <span class=\"screen-reader-text\">Niania w g\u00f3rach &#8211; szukamy opiekunki do dzieci w schronisku g\u00f3rskim.<\/span> Read More &raquo;<\/a><\/p>\n","protected":false},"author":1,"featured_media":0,"comment_status":"closed","ping_status":"closed","sticky":false,"template":"","format":"standard","meta":{"footnotes":""},"categories":[12],"tags":[],"_links":{"self":[{"href":"https:\/\/jobs248.eu\/pl\/wp-json\/wp\/v2\/posts\/402"}],"collection":[{"href":"https:\/\/jobs248.eu\/pl\/wp-json\/wp\/v2\/posts"}],"about":[{"href":"https:\/\/jobs248.eu\/pl\/wp-json\/wp\/v2\/types\/post"}],"author":[{"embeddable":true,"href":"https:\/\/jobs248.eu\/pl\/wp-json\/wp\/v2\/users\/1"}],"replies":[{"embeddable":true,"href":"https:\/\/jobs248.eu\/pl\/wp-json\/wp\/v2\/comments?post=402"}],"version-history":[{"count":6,"href":"https:\/\/jobs248.eu\/pl\/wp-json\/wp\/v2\/posts\/402\/revisions"}],"predecessor-version":[{"id":748,"href":"https:\/\/jobs248.eu\/pl\/wp-json\/wp\/v2\/posts\/402\/revisions\/748"}],"wp:attachment":[{"href":"https:\/\/jobs248.eu\/pl\/wp-json\/wp\/v2\/media?parent=402"}],"wp:term":[{"taxonomy":"category","embeddable":true,"href":"https:\/\/jobs248.eu\/pl\/wp-json\/wp\/v2\/categories?post=402"},{"taxonomy":"post_tag","embeddable":true,"href":"https:\/\/jobs248.eu\/pl\/wp-json\/wp\/v2\/tags?post=402"}],"curies":[{"name":"wp","href":"https:\/\/api.w.org\/{rel}","templated":true}]}}